{"id":3187,"date":"2024-12-27T11:29:35","date_gmt":"2024-12-27T17:29:35","guid":{"rendered":"https:\/\/dpiglobal.com\/news\/vacunas-contra-el-asfv-no-contenga-la-respiracion\/"},"modified":"2025-12-01T15:06:47","modified_gmt":"2025-12-01T21:06:47","slug":"vacunas-contra-el-asfv-no-contenga-la-respiracion","status":"publish","type":"news","link":"https:\/\/dpiglobal.com\/es\/news\/vacunas-contra-el-asfv-no-contenga-la-respiracion\/","title":{"rendered":"Vacunas contra el ASFV: No contenga la respiraci\u00f3n&#8230;"},"content":{"rendered":"<p class=\"p1\"><span class=\"s1\"><b>La peste porcina africana sigue dominando el debate en el sector porcino, y DPI GLOBAL desea ofrecer los puntos de discusi\u00f3n de los principales veterinarios de porcino en lo que respecta espec\u00edficamente a la actualizaci\u00f3n del desarrollo de una vacuna&#8230;<\/b><\/span><\/p>\n<p class=\"p3\"><span class=\"s1\">Los Dres. Scott Dee, Joseph Yaros y Gordon Spronk<\/span><\/p>\n<p class=\"p3\"><span class=\"s1\">Servicios Veterinarios de Pipestone, Pipestone, MN<\/span><\/p>\n<p class=\"p3\"><span class=\"s1\"><b>1 de mayo de 2019<\/b><\/span><\/p>\n<p class=\"p4\"><span class=\"s2\">La peste porcina africana (PPA) est\u00e1 causada por un gran virus de ADN (virus de la peste porcina africana). La PPA produce altas tasas de letalidad que pueden llegar al 100%. En la mayor\u00eda de las regiones afectadas en el mundo, el control no ha sido eficaz en parte debido a la falta de una  <\/span><span class=\"s1\">vacuna<\/span><span class=\"s2\">. La incapacidad de desarrollar vacunas eficaces se debe a varios factores, entre ellos:<\/span><\/p>\n<ol class=\"ol1\">\n<li style=\"list-style-type: none;\">\n<ol class=\"ol2\">\n<li style=\"list-style-type: none;\">\n<ol class=\"ol3\">\n<li style=\"list-style-type: none;\">\n<ol class=\"ol1\">\n<li class=\"li4\"><span class=\"s2\">La complejidad de la part\u00edcula del virus de la PPA y el gran n\u00famero de prote\u00ednas codificadas por su genoma hacen que una gran mayor\u00eda de las prote\u00ednas no est\u00e9n caracterizadas o se desconozca su funci\u00f3n.<\/span><\/li>\n<\/ol>\n<\/li>\n<\/ol>\n<\/li>\n<\/ol>\n<\/li>\n<\/ol>\n<ol class=\"ol1\">\n<li class=\"li4\"><span class=\"s2\">Muchas de estas prote\u00ednas del virus inhiben el sistema inmunitario del hu\u00e9sped, facilitando as\u00ed la replicaci\u00f3n y la persistencia del virus.<\/span><\/li>\n<li class=\"li4\"><span class=\"s2\">Mientras que los cerdos que se recuperan de la infecci\u00f3n son resistentes a la provocaci\u00f3n hom\u00f3loga (cepa id\u00e9ntica), no hay evidencia de protecci\u00f3n cruzada a la heter\u00f3loga (cepa diferente).<\/span><\/li>\n<li class=\"li4\"><span class=\"s2\">El virus puede &#8220;confundir&#8221; y &#8220;evadir&#8221; el sistema inmunol\u00f3gico, inhibiendo la producci\u00f3n de anticuerpos neutralizantes. En concreto, se desconocen los receptores que utiliza el virus para infectar el macr\u00f3fago porcino.<\/span><\/li>\n<li class=\"li4\"><span class=\"s2\">Las l\u00edneas celulares necesarias para la producci\u00f3n comercial de vacunas no est\u00e1n disponibles.<\/span><\/li>\n<\/ol>\n<p class=\"p3\"><span class=\"s1\">La falta de una vacuna eficaz contra el virus de la peste porcina africana no se debe a una falta de esfuerzo:<\/span><\/p>\n<ol class=\"ol1\">\n<li class=\"li4\"><span class=\"s2\">El desarrollo de la vacuna contra el virus de la peste porcina africana est\u00e1 en marcha desde la d\u00e9cada de 1960.<\/span><\/li>\n<li class=\"li4\"><span class=\"s2\">Se han probado muchos enfoques diferentes, incluyendo virus inactivados (muertos), prote\u00ednas\/p\u00e9ptidos recombinantes, vectores virales para la entrega de ant\u00edgenos y vacunas vivas atenuadas.<\/span><\/li>\n<li class=\"li4\"><span class=\"s2\">Hasta el momento, ninguno de estos enfoques experimentales ha dado lugar a la producci\u00f3n de una vacuna comercial para su uso en el campo que sea segura y eficaz.<\/span><\/li>\n<li class=\"li4\"><span class=\"s2\">Con el informe sobre el virus en la mayor caba\u00f1a porcina del mundo, se incrementar\u00e1 la actividad, la investigaci\u00f3n y los informes sobre los avances en la producci\u00f3n de una vacuna segura y eficaz. Una palabra de advertencia para cualquier lector: todos los informes de avances deben ser confirmados por fuentes fiables y datos de apoyo.<\/span><\/li>\n<\/ol>\n<p class=\"p4\"><span class=\"s1\">En resumen:<\/span><\/p>\n<ol class=\"ol1\">\n<li class=\"li4\"><span class=\"s1\">El virus de la peste porcina africana es un virus muy complejo.<\/span><\/li>\n<li class=\"li4\"><span class=\"s1\">Los intentos de desarrollar vacunas durante m\u00e1s de 5 d\u00e9cadas por parte de los l\u00edderes mundiales en vacunolog\u00eda han sido frustrantes.<\/span><\/li>\n<li class=\"li4\"><span class=\"s1\">Es poco probable que se disponga de una vacuna eficaz en un futuro pr\u00f3ximo.<\/span><\/li>\n<li class=\"li4\"><span class=\"s1\">La industria estadounidense deber\u00eda centrarse en mantener el ASFV fuera del pa\u00eds.<\/span><\/li>\n<li class=\"li4\"><span class=\"s1\">La introducci\u00f3n de la PPA en Asia, de la que se inform\u00f3 en agosto de 2018, dar\u00e1 lugar a un aumento de los esfuerzos para desarrollar una vacuna eficaz por parte de m\u00faltiples partes interesadas.<\/span><\/li>\n<\/ol>\n<p class=\"p6\"><span class=\"s1\">Enlace de recursos y para m\u00e1s informaci\u00f3n:<\/span><\/p>\n<p class=\"p6\"><span class=\"s1\">Informe de an\u00e1lisis de carencias de la Alianza Mundial para la Investigaci\u00f3n de la Peste Porcina Africana (GARA). 2018: <a href=\"https:\/\/go.usa.gov\/xPfWr\"><br \/>\n  <span class=\"s3\">https:\/\/go.usa.gov\/xPfWr<\/span><br \/>\n<\/a> <\/span><\/p>\n","protected":false},"featured_media":0,"template":"","meta":{"_acf_changed":false},"class_list":["post-3187","news","type-news","status-publish","hentry"],"acf":[],"yoast_head":"<!-- This site is optimized with the Yoast SEO plugin v27.3 - https:\/\/yoast.com\/product\/yoast-seo-wordpress\/ -->\n<title>Vacunas contra el ASFV: No contenga la respiraci\u00f3n... | DPI Global<\/title>\n<meta name=\"robots\" content=\"index, follow, max-snippet:-1, max-image-preview:large, max-video-preview:-1\" \/>\n<link rel=\"canonical\" href=\"https:\/\/dpiglobal.com\/es\/news\/vacunas-contra-el-asfv-no-contenga-la-respiracion\/\" \/>\n<meta property=\"og:locale\" content=\"es_ES\" \/>\n<meta property=\"og:type\" content=\"article\" \/>\n<meta property=\"og:title\" content=\"Vacunas contra el ASFV: No contenga la respiraci\u00f3n... | DPI Global\" \/>\n<meta property=\"og:description\" content=\"La peste porcina africana sigue dominando el debate en el sector porcino, y DPI GLOBAL desea ofrecer los puntos de Leer m\u00e1s... from Vacunas contra el ASFV: No contenga la respiraci\u00f3n&#8230;\" \/>\n<meta property=\"og:url\" content=\"https:\/\/dpiglobal.com\/es\/news\/vacunas-contra-el-asfv-no-contenga-la-respiracion\/\" \/>\n<meta property=\"og:site_name\" content=\"DPI Global\" \/>\n<meta property=\"article:modified_time\" content=\"2025-12-01T21:06:47+00:00\" \/>\n<meta name=\"twitter:card\" content=\"summary_large_image\" \/>\n<meta name=\"twitter:label1\" content=\"Tiempo de lectura\" \/>\n\t<meta name=\"twitter:data1\" content=\"3 minutos\" \/>\n<script type=\"application\/ld+json\" class=\"yoast-schema-graph\">{\"@context\":\"https:\\\/\\\/schema.org\",\"@graph\":[{\"@type\":\"WebPage\",\"@id\":\"https:\\\/\\\/dpiglobal.com\\\/es\\\/news\\\/vacunas-contra-el-asfv-no-contenga-la-respiracion\\\/\",\"url\":\"https:\\\/\\\/dpiglobal.com\\\/es\\\/news\\\/vacunas-contra-el-asfv-no-contenga-la-respiracion\\\/\",\"name\":\"Vacunas contra el ASFV: No contenga la respiraci\u00f3n... | DPI Global\",\"isPartOf\":{\"@id\":\"https:\\\/\\\/dpiglobal.com\\\/es\\\/#website\"},\"datePublished\":\"2024-12-27T17:29:35+00:00\",\"dateModified\":\"2025-12-01T21:06:47+00:00\",\"breadcrumb\":{\"@id\":\"https:\\\/\\\/dpiglobal.com\\\/es\\\/news\\\/vacunas-contra-el-asfv-no-contenga-la-respiracion\\\/#breadcrumb\"},\"inLanguage\":\"es\",\"potentialAction\":[{\"@type\":\"ReadAction\",\"target\":[\"https:\\\/\\\/dpiglobal.com\\\/es\\\/news\\\/vacunas-contra-el-asfv-no-contenga-la-respiracion\\\/\"]}]},{\"@type\":\"BreadcrumbList\",\"@id\":\"https:\\\/\\\/dpiglobal.com\\\/es\\\/news\\\/vacunas-contra-el-asfv-no-contenga-la-respiracion\\\/#breadcrumb\",\"itemListElement\":[{\"@type\":\"ListItem\",\"position\":1,\"name\":\"Home\",\"item\":\"https:\\\/\\\/dpiglobal.com\\\/es\\\/\"},{\"@type\":\"ListItem\",\"position\":2,\"name\":\"DPI News\",\"item\":\"https:\\\/\\\/dpiglobal.com\\\/es\\\/dpi-news\\\/\"},{\"@type\":\"ListItem\",\"position\":3,\"name\":\"Vacunas contra el ASFV: No contenga la respiraci\u00f3n&#8230;\"}]},{\"@type\":\"WebSite\",\"@id\":\"https:\\\/\\\/dpiglobal.com\\\/es\\\/#website\",\"url\":\"https:\\\/\\\/dpiglobal.com\\\/es\\\/\",\"name\":\"DPI Global\",\"description\":\"Distributors Processing Inc.\",\"publisher\":{\"@id\":\"https:\\\/\\\/dpiglobal.com\\\/es\\\/#organization\"},\"potentialAction\":[{\"@type\":\"SearchAction\",\"target\":{\"@type\":\"EntryPoint\",\"urlTemplate\":\"https:\\\/\\\/dpiglobal.com\\\/es\\\/?s={search_term_string}\"},\"query-input\":{\"@type\":\"PropertyValueSpecification\",\"valueRequired\":true,\"valueName\":\"search_term_string\"}}],\"inLanguage\":\"es\"},{\"@type\":\"Organization\",\"@id\":\"https:\\\/\\\/dpiglobal.com\\\/es\\\/#organization\",\"name\":\"DPI Global\",\"url\":\"https:\\\/\\\/dpiglobal.com\\\/es\\\/\",\"logo\":{\"@type\":\"ImageObject\",\"inLanguage\":\"es\",\"@id\":\"https:\\\/\\\/dpiglobal.com\\\/es\\\/#\\\/schema\\\/logo\\\/image\\\/\",\"url\":\"https:\\\/\\\/dpiglobal.com\\\/wp-content\\\/uploads\\\/2021\\\/10\\\/logo-blue.png\",\"contentUrl\":\"https:\\\/\\\/dpiglobal.com\\\/wp-content\\\/uploads\\\/2021\\\/10\\\/logo-blue.png\",\"width\":356,\"height\":241,\"caption\":\"DPI Global\"},\"image\":{\"@id\":\"https:\\\/\\\/dpiglobal.com\\\/es\\\/#\\\/schema\\\/logo\\\/image\\\/\"},\"sameAs\":[\"https:\\\/\\\/www.linkedin.com\\\/company\\\/distributors-processing-inc.\\\/\"]}]}<\/script>\n<!-- \/ Yoast SEO plugin. -->","yoast_head_json":{"title":"Vacunas contra el ASFV: No contenga la respiraci\u00f3n... | DPI Global","robots":{"index":"index","follow":"follow","max-snippet":"max-snippet:-1","max-image-preview":"max-image-preview:large","max-video-preview":"max-video-preview:-1"},"canonical":"https:\/\/dpiglobal.com\/es\/news\/vacunas-contra-el-asfv-no-contenga-la-respiracion\/","og_locale":"es_ES","og_type":"article","og_title":"Vacunas contra el ASFV: No contenga la respiraci\u00f3n... | DPI Global","og_description":"La peste porcina africana sigue dominando el debate en el sector porcino, y DPI GLOBAL desea ofrecer los puntos de Leer m\u00e1s... from Vacunas contra el ASFV: No contenga la respiraci\u00f3n&#8230;","og_url":"https:\/\/dpiglobal.com\/es\/news\/vacunas-contra-el-asfv-no-contenga-la-respiracion\/","og_site_name":"DPI Global","article_modified_time":"2025-12-01T21:06:47+00:00","twitter_card":"summary_large_image","twitter_misc":{"Tiempo de lectura":"3 minutos"},"schema":{"@context":"https:\/\/schema.org","@graph":[{"@type":"WebPage","@id":"https:\/\/dpiglobal.com\/es\/news\/vacunas-contra-el-asfv-no-contenga-la-respiracion\/","url":"https:\/\/dpiglobal.com\/es\/news\/vacunas-contra-el-asfv-no-contenga-la-respiracion\/","name":"Vacunas contra el ASFV: No contenga la respiraci\u00f3n... | DPI Global","isPartOf":{"@id":"https:\/\/dpiglobal.com\/es\/#website"},"datePublished":"2024-12-27T17:29:35+00:00","dateModified":"2025-12-01T21:06:47+00:00","breadcrumb":{"@id":"https:\/\/dpiglobal.com\/es\/news\/vacunas-contra-el-asfv-no-contenga-la-respiracion\/#breadcrumb"},"inLanguage":"es","potentialAction":[{"@type":"ReadAction","target":["https:\/\/dpiglobal.com\/es\/news\/vacunas-contra-el-asfv-no-contenga-la-respiracion\/"]}]},{"@type":"BreadcrumbList","@id":"https:\/\/dpiglobal.com\/es\/news\/vacunas-contra-el-asfv-no-contenga-la-respiracion\/#breadcrumb","itemListElement":[{"@type":"ListItem","position":1,"name":"Home","item":"https:\/\/dpiglobal.com\/es\/"},{"@type":"ListItem","position":2,"name":"DPI News","item":"https:\/\/dpiglobal.com\/es\/dpi-news\/"},{"@type":"ListItem","position":3,"name":"Vacunas contra el ASFV: No contenga la respiraci\u00f3n&#8230;"}]},{"@type":"WebSite","@id":"https:\/\/dpiglobal.com\/es\/#website","url":"https:\/\/dpiglobal.com\/es\/","name":"DPI Global","description":"Distributors Processing Inc.","publisher":{"@id":"https:\/\/dpiglobal.com\/es\/#organization"},"potentialAction":[{"@type":"SearchAction","target":{"@type":"EntryPoint","urlTemplate":"https:\/\/dpiglobal.com\/es\/?s={search_term_string}"},"query-input":{"@type":"PropertyValueSpecification","valueRequired":true,"valueName":"search_term_string"}}],"inLanguage":"es"},{"@type":"Organization","@id":"https:\/\/dpiglobal.com\/es\/#organization","name":"DPI Global","url":"https:\/\/dpiglobal.com\/es\/","logo":{"@type":"ImageObject","inLanguage":"es","@id":"https:\/\/dpiglobal.com\/es\/#\/schema\/logo\/image\/","url":"https:\/\/dpiglobal.com\/wp-content\/uploads\/2021\/10\/logo-blue.png","contentUrl":"https:\/\/dpiglobal.com\/wp-content\/uploads\/2021\/10\/logo-blue.png","width":356,"height":241,"caption":"DPI Global"},"image":{"@id":"https:\/\/dpiglobal.com\/es\/#\/schema\/logo\/image\/"},"sameAs":["https:\/\/www.linkedin.com\/company\/distributors-processing-inc.\/"]}]}},"_links":{"self":[{"href":"https:\/\/dpiglobal.com\/es\/wp-json\/wp\/v2\/news\/3187","targetHints":{"allow":["GET"]}}],"collection":[{"href":"https:\/\/dpiglobal.com\/es\/wp-json\/wp\/v2\/news"}],"about":[{"href":"https:\/\/dpiglobal.com\/es\/wp-json\/wp\/v2\/types\/news"}],"wp:attachment":[{"href":"https:\/\/dpiglobal.com\/es\/wp-json\/wp\/v2\/media?parent=3187"}],"curies":[{"name":"wp","href":"https:\/\/api.w.org\/{rel}","templated":true}]}}