{"id":1803,"date":"2022-05-12T09:32:32","date_gmt":"2022-05-12T14:32:32","guid":{"rendered":"https:\/\/dpiglobal.com\/patron-de-ciclo-de-la-coccidiosis-en-pollos-vacunados-con-vacunas-contra-la-coccidiosis-y-alimentados-con-micro-aid\/"},"modified":"2024-11-19T13:42:29","modified_gmt":"2024-11-19T19:42:29","slug":"patron-de-ciclo-de-la-coccidiosis-en-pollos-vacunados-con-vacunas-contra-la-coccidiosis-y-alimentados-con-micro-aid","status":"publish","type":"post","link":"https:\/\/dpiglobal.com\/es\/patron-de-ciclo-de-la-coccidiosis-en-pollos-vacunados-con-vacunas-contra-la-coccidiosis-y-alimentados-con-micro-aid\/","title":{"rendered":"Patr\u00f3n de ciclo de la coccidiosis en pollos vacunados con vacunas contra la coccidiosis y alimentados con Micro-Aid\u00ae."},"content":{"rendered":"<p>Se asignaron 1.800 pollitos macho de un d\u00eda de eclosi\u00f3n (Cobb X Cobb 500) a uno de los seis tratamientos (6 corrales de 50 aves cada uno): 1) Vacuna A; 2) Vacuna A + <sup>Micro-Aid\u00ae<\/sup> a 250 mg\/kg; 3) Vacuna A + <sup>Micro-Aid\u00ae<\/sup> a 500 mg\/kg; 4) Vacuna B; 5) Vacuna B + Micro-Aidsup&gt;\u00ae a 250 mg\/kg; y 6) Vacuna B + <sup>Micro-Aid\u00ae<\/sup> a 500 mg\/kg. Las aves se colocaron en corrales de suelo con 10 cent\u00edmetros de lecho acumulado, cubiertos con virutas de pino frescas, y se recogieron ooquistes por gramo de lecho los d\u00edas 7, 14, 17, 21, 24, 28 y 35 del experimento.<\/p>\n<p><img decoding=\"async\" class=\"size-large wp-image-415\" src=\"https:\/\/dpiglobal.com\/wp-content\/uploads\/2022\/05\/Screen-Shot-2022-05-12-at-9.30.26-AM-1024x681.png\" alt=\"\" width=\"640\" height=\"426\" srcset=\"https:\/\/dpiglobal.com\/wp-content\/uploads\/2022\/05\/Screen-Shot-2022-05-12-at-9.30.26-AM-1024x681.png 1024w, https:\/\/dpiglobal.com\/wp-content\/uploads\/2022\/05\/Screen-Shot-2022-05-12-at-9.30.26-AM-300x199.png 300w, https:\/\/dpiglobal.com\/wp-content\/uploads\/2022\/05\/Screen-Shot-2022-05-12-at-9.30.26-AM-768x511.png 768w, https:\/\/dpiglobal.com\/wp-content\/uploads\/2022\/05\/Screen-Shot-2022-05-12-at-9.30.26-AM-1536x1021.png 1536w, https:\/\/dpiglobal.com\/wp-content\/uploads\/2022\/05\/Screen-Shot-2022-05-12-at-9.30.26-AM.png 1920w\" sizes=\"(max-width: 640px) 100vw, 640px\" \/><\/p>\n<p><img decoding=\"async\" class=\"size-large wp-image-416\" src=\"https:\/\/dpiglobal.com\/wp-content\/uploads\/2022\/05\/Screen-Shot-2022-05-12-at-9.30.40-AM-1024x630.png\" alt=\"\" width=\"640\" height=\"394\" srcset=\"https:\/\/dpiglobal.com\/wp-content\/uploads\/2022\/05\/Screen-Shot-2022-05-12-at-9.30.40-AM-1024x630.png 1024w, https:\/\/dpiglobal.com\/wp-content\/uploads\/2022\/05\/Screen-Shot-2022-05-12-at-9.30.40-AM-300x184.png 300w, https:\/\/dpiglobal.com\/wp-content\/uploads\/2022\/05\/Screen-Shot-2022-05-12-at-9.30.40-AM-768x472.png 768w, https:\/\/dpiglobal.com\/wp-content\/uploads\/2022\/05\/Screen-Shot-2022-05-12-at-9.30.40-AM-1536x945.png 1536w, https:\/\/dpiglobal.com\/wp-content\/uploads\/2022\/05\/Screen-Shot-2022-05-12-at-9.30.40-AM.png 1896w\" sizes=\"(max-width: 640px) 100vw, 640px\" \/><\/p>\n<p><img decoding=\"async\" class=\"size-large wp-image-417\" src=\"https:\/\/dpiglobal.com\/wp-content\/uploads\/2022\/05\/Screen-Shot-2022-05-12-at-9.30.49-AM-1024x617.png\" alt=\"\" width=\"640\" height=\"386\" srcset=\"https:\/\/dpiglobal.com\/wp-content\/uploads\/2022\/05\/Screen-Shot-2022-05-12-at-9.30.49-AM-1024x617.png 1024w, https:\/\/dpiglobal.com\/wp-content\/uploads\/2022\/05\/Screen-Shot-2022-05-12-at-9.30.49-AM-300x181.png 300w, https:\/\/dpiglobal.com\/wp-content\/uploads\/2022\/05\/Screen-Shot-2022-05-12-at-9.30.49-AM-768x463.png 768w, https:\/\/dpiglobal.com\/wp-content\/uploads\/2022\/05\/Screen-Shot-2022-05-12-at-9.30.49-AM-1536x926.png 1536w, https:\/\/dpiglobal.com\/wp-content\/uploads\/2022\/05\/Screen-Shot-2022-05-12-at-9.30.49-AM.png 1920w\" sizes=\"(max-width: 640px) 100vw, 640px\" \/><\/p>\n<ul>\n<li>Un ciclo de vacunaci\u00f3n m\u00e1s temprano se correlaciona con las mejoras observadas en el rendimiento.<\/li>\n<li>La reducci\u00f3n de la OPG de la yacija en los grupos suplementados con <sup>Micro-Aid\u00ae<\/sup> se correlaciona con las mejoras observadas en la eficiencia alimentaria.<\/li>\n<li>La menor OPG en los grupos tratados con <sup>Micro-Aid\u00ae<\/sup> no afect\u00f3 ni retras\u00f3 el inicio de la inmunidad frente a <i>E. acervulina<\/i>, <i>E. maxima<\/i> ni <i>E. tenella<\/i>.<\/li>\n<\/ul>\n","protected":false},"excerpt":{"rendered":"<p>Se asignaron 1.800 pollitos macho de un d\u00eda de eclosi\u00f3n (Cobb X Cobb 500) a uno de los seis tratamientos <\/p>\n<h4 class=\"text-lowercase\"><a class=\"understrap-read-more-link\" href=\"https:\/\/dpiglobal.com\/es\/patron-de-ciclo-de-la-coccidiosis-en-pollos-vacunados-con-vacunas-contra-la-coccidiosis-y-alimentados-con-micro-aid\/\">Leer m\u00e1s&#8230;<span class=\"screen-reader-text\"> from Patr\u00f3n de ciclo de la coccidiosis en pollos vacunados con vacunas contra la coccidiosis y alimentados con Micro-Aid\u00ae.<\/span><\/a><\/h4>\n","protected":false},"author":19,"featured_media":0,"comment_status":"closed","ping_status":"closed","sticky":false,"template":"","format":"standard","meta":{"_acf_changed":false,"footnotes":""},"categories":[106],"tags":[],"class_list":["post-1803","post","type-post","status-publish","format-standard","hentry","category-aves"],"acf":[],"yoast_head":"<!-- This site is optimized with the Yoast SEO plugin v27.3 - https:\/\/yoast.com\/product\/yoast-seo-wordpress\/ -->\n<title>Patr\u00f3n de ciclo de la coccidiosis en pollos vacunados con vacunas contra la coccidiosis y alimentados con Micro-Aid\u00ae. | DPI Global<\/title>\n<meta name=\"robots\" content=\"index, follow, max-snippet:-1, max-image-preview:large, max-video-preview:-1\" \/>\n<link rel=\"canonical\" href=\"https:\/\/dpiglobal.com\/es\/patron-de-ciclo-de-la-coccidiosis-en-pollos-vacunados-con-vacunas-contra-la-coccidiosis-y-alimentados-con-micro-aid\/\" \/>\n<meta property=\"og:locale\" content=\"es_ES\" \/>\n<meta property=\"og:type\" content=\"article\" \/>\n<meta property=\"og:title\" content=\"Patr\u00f3n de ciclo de la coccidiosis en pollos vacunados con vacunas contra la coccidiosis y alimentados con Micro-Aid\u00ae. | DPI Global\" \/>\n<meta property=\"og:description\" content=\"Se asignaron 1.800 pollitos macho de un d\u00eda de eclosi\u00f3n (Cobb X Cobb 500) a uno de los seis tratamientos Leer m\u00e1s... from Patr\u00f3n de ciclo de la coccidiosis en pollos vacunados con vacunas contra la coccidiosis y alimentados con Micro-Aid\u00ae.\" \/>\n<meta property=\"og:url\" content=\"https:\/\/dpiglobal.com\/es\/patron-de-ciclo-de-la-coccidiosis-en-pollos-vacunados-con-vacunas-contra-la-coccidiosis-y-alimentados-con-micro-aid\/\" \/>\n<meta property=\"og:site_name\" content=\"DPI Global\" \/>\n<meta property=\"article:published_time\" content=\"2022-05-12T14:32:32+00:00\" \/>\n<meta property=\"article:modified_time\" content=\"2024-11-19T19:42:29+00:00\" \/>\n<meta property=\"og:image\" content=\"https:\/\/dpiglobal.com\/wp-content\/uploads\/2022\/05\/Screen-Shot-2022-05-12-at-9.30.26-AM.png\" \/>\n\t<meta property=\"og:image:width\" content=\"1920\" \/>\n\t<meta property=\"og:image:height\" content=\"1277\" \/>\n\t<meta property=\"og:image:type\" content=\"image\/png\" \/>\n<meta name=\"author\" content=\"Mike Rincker, Ph.D., PAS\" \/>\n<meta name=\"twitter:card\" content=\"summary_large_image\" \/>\n<meta name=\"twitter:label1\" content=\"Escrito por\" \/>\n\t<meta name=\"twitter:data1\" content=\"Mike Rincker, Ph.D., PAS\" \/>\n\t<meta name=\"twitter:label2\" content=\"Tiempo de lectura\" \/>\n\t<meta name=\"twitter:data2\" content=\"1 minuto\" \/>\n<script type=\"application\/ld+json\" class=\"yoast-schema-graph\">{\"@context\":\"https:\\\/\\\/schema.org\",\"@graph\":[{\"@type\":\"Article\",\"@id\":\"https:\\\/\\\/dpiglobal.com\\\/es\\\/patron-de-ciclo-de-la-coccidiosis-en-pollos-vacunados-con-vacunas-contra-la-coccidiosis-y-alimentados-con-micro-aid\\\/#article\",\"isPartOf\":{\"@id\":\"https:\\\/\\\/dpiglobal.com\\\/es\\\/patron-de-ciclo-de-la-coccidiosis-en-pollos-vacunados-con-vacunas-contra-la-coccidiosis-y-alimentados-con-micro-aid\\\/\"},\"author\":{\"name\":\"Mike Rincker, Ph.D., PAS\",\"@id\":\"https:\\\/\\\/dpiglobal.com\\\/es\\\/#\\\/schema\\\/person\\\/3f1285856da3b5c90075fba9eec8965f\"},\"headline\":\"Patr\u00f3n de ciclo de la coccidiosis en pollos vacunados con vacunas contra la coccidiosis y alimentados con Micro-Aid\u00ae.\",\"datePublished\":\"2022-05-12T14:32:32+00:00\",\"dateModified\":\"2024-11-19T19:42:29+00:00\",\"mainEntityOfPage\":{\"@id\":\"https:\\\/\\\/dpiglobal.com\\\/es\\\/patron-de-ciclo-de-la-coccidiosis-en-pollos-vacunados-con-vacunas-contra-la-coccidiosis-y-alimentados-con-micro-aid\\\/\"},\"wordCount\":177,\"publisher\":{\"@id\":\"https:\\\/\\\/dpiglobal.com\\\/es\\\/#organization\"},\"image\":{\"@id\":\"https:\\\/\\\/dpiglobal.com\\\/es\\\/patron-de-ciclo-de-la-coccidiosis-en-pollos-vacunados-con-vacunas-contra-la-coccidiosis-y-alimentados-con-micro-aid\\\/#primaryimage\"},\"thumbnailUrl\":\"https:\\\/\\\/dpiglobal.com\\\/wp-content\\\/uploads\\\/2022\\\/05\\\/Screen-Shot-2022-05-12-at-9.30.26-AM-1024x681.png\",\"articleSection\":[\"aves\"],\"inLanguage\":\"es\"},{\"@type\":\"WebPage\",\"@id\":\"https:\\\/\\\/dpiglobal.com\\\/es\\\/patron-de-ciclo-de-la-coccidiosis-en-pollos-vacunados-con-vacunas-contra-la-coccidiosis-y-alimentados-con-micro-aid\\\/\",\"url\":\"https:\\\/\\\/dpiglobal.com\\\/es\\\/patron-de-ciclo-de-la-coccidiosis-en-pollos-vacunados-con-vacunas-contra-la-coccidiosis-y-alimentados-con-micro-aid\\\/\",\"name\":\"Patr\u00f3n de ciclo de la coccidiosis en pollos vacunados con vacunas contra la coccidiosis y alimentados con Micro-Aid\u00ae. | DPI Global\",\"isPartOf\":{\"@id\":\"https:\\\/\\\/dpiglobal.com\\\/es\\\/#website\"},\"primaryImageOfPage\":{\"@id\":\"https:\\\/\\\/dpiglobal.com\\\/es\\\/patron-de-ciclo-de-la-coccidiosis-en-pollos-vacunados-con-vacunas-contra-la-coccidiosis-y-alimentados-con-micro-aid\\\/#primaryimage\"},\"image\":{\"@id\":\"https:\\\/\\\/dpiglobal.com\\\/es\\\/patron-de-ciclo-de-la-coccidiosis-en-pollos-vacunados-con-vacunas-contra-la-coccidiosis-y-alimentados-con-micro-aid\\\/#primaryimage\"},\"thumbnailUrl\":\"https:\\\/\\\/dpiglobal.com\\\/wp-content\\\/uploads\\\/2022\\\/05\\\/Screen-Shot-2022-05-12-at-9.30.26-AM-1024x681.png\",\"datePublished\":\"2022-05-12T14:32:32+00:00\",\"dateModified\":\"2024-11-19T19:42:29+00:00\",\"breadcrumb\":{\"@id\":\"https:\\\/\\\/dpiglobal.com\\\/es\\\/patron-de-ciclo-de-la-coccidiosis-en-pollos-vacunados-con-vacunas-contra-la-coccidiosis-y-alimentados-con-micro-aid\\\/#breadcrumb\"},\"inLanguage\":\"es\",\"potentialAction\":[{\"@type\":\"ReadAction\",\"target\":[\"https:\\\/\\\/dpiglobal.com\\\/es\\\/patron-de-ciclo-de-la-coccidiosis-en-pollos-vacunados-con-vacunas-contra-la-coccidiosis-y-alimentados-con-micro-aid\\\/\"]}]},{\"@type\":\"ImageObject\",\"inLanguage\":\"es\",\"@id\":\"https:\\\/\\\/dpiglobal.com\\\/es\\\/patron-de-ciclo-de-la-coccidiosis-en-pollos-vacunados-con-vacunas-contra-la-coccidiosis-y-alimentados-con-micro-aid\\\/#primaryimage\",\"url\":\"https:\\\/\\\/dpiglobal.com\\\/wp-content\\\/uploads\\\/2022\\\/05\\\/Screen-Shot-2022-05-12-at-9.30.26-AM-1024x681.png\",\"contentUrl\":\"https:\\\/\\\/dpiglobal.com\\\/wp-content\\\/uploads\\\/2022\\\/05\\\/Screen-Shot-2022-05-12-at-9.30.26-AM-1024x681.png\"},{\"@type\":\"BreadcrumbList\",\"@id\":\"https:\\\/\\\/dpiglobal.com\\\/es\\\/patron-de-ciclo-de-la-coccidiosis-en-pollos-vacunados-con-vacunas-contra-la-coccidiosis-y-alimentados-con-micro-aid\\\/#breadcrumb\",\"itemListElement\":[{\"@type\":\"ListItem\",\"position\":1,\"name\":\"Home\",\"item\":\"https:\\\/\\\/dpiglobal.com\\\/es\\\/\"},{\"@type\":\"ListItem\",\"position\":2,\"name\":\"Patr\u00f3n de ciclo de la coccidiosis en pollos vacunados con vacunas contra la coccidiosis y alimentados con Micro-Aid\u00ae.\"}]},{\"@type\":\"WebSite\",\"@id\":\"https:\\\/\\\/dpiglobal.com\\\/es\\\/#website\",\"url\":\"https:\\\/\\\/dpiglobal.com\\\/es\\\/\",\"name\":\"DPI Global\",\"description\":\"Distributors Processing Inc.\",\"publisher\":{\"@id\":\"https:\\\/\\\/dpiglobal.com\\\/es\\\/#organization\"},\"potentialAction\":[{\"@type\":\"SearchAction\",\"target\":{\"@type\":\"EntryPoint\",\"urlTemplate\":\"https:\\\/\\\/dpiglobal.com\\\/es\\\/?s={search_term_string}\"},\"query-input\":{\"@type\":\"PropertyValueSpecification\",\"valueRequired\":true,\"valueName\":\"search_term_string\"}}],\"inLanguage\":\"es\"},{\"@type\":\"Organization\",\"@id\":\"https:\\\/\\\/dpiglobal.com\\\/es\\\/#organization\",\"name\":\"DPI Global\",\"url\":\"https:\\\/\\\/dpiglobal.com\\\/es\\\/\",\"logo\":{\"@type\":\"ImageObject\",\"inLanguage\":\"es\",\"@id\":\"https:\\\/\\\/dpiglobal.com\\\/es\\\/#\\\/schema\\\/logo\\\/image\\\/\",\"url\":\"https:\\\/\\\/dpiglobal.com\\\/wp-content\\\/uploads\\\/2021\\\/10\\\/logo-blue.png\",\"contentUrl\":\"https:\\\/\\\/dpiglobal.com\\\/wp-content\\\/uploads\\\/2021\\\/10\\\/logo-blue.png\",\"width\":356,\"height\":241,\"caption\":\"DPI Global\"},\"image\":{\"@id\":\"https:\\\/\\\/dpiglobal.com\\\/es\\\/#\\\/schema\\\/logo\\\/image\\\/\"},\"sameAs\":[\"https:\\\/\\\/www.linkedin.com\\\/company\\\/distributors-processing-inc.\\\/\"]},{\"@type\":\"Person\",\"@id\":\"https:\\\/\\\/dpiglobal.com\\\/es\\\/#\\\/schema\\\/person\\\/3f1285856da3b5c90075fba9eec8965f\",\"name\":\"Mike Rincker, Ph.D., PAS\",\"image\":{\"@type\":\"ImageObject\",\"inLanguage\":\"es\",\"@id\":\"https:\\\/\\\/secure.gravatar.com\\\/avatar\\\/3c43b63b6b953e00e9b823d9800340e49e517151836b41352d8a4cd1ee2320d6?s=96&d=mm&r=g\",\"url\":\"https:\\\/\\\/secure.gravatar.com\\\/avatar\\\/3c43b63b6b953e00e9b823d9800340e49e517151836b41352d8a4cd1ee2320d6?s=96&d=mm&r=g\",\"contentUrl\":\"https:\\\/\\\/secure.gravatar.com\\\/avatar\\\/3c43b63b6b953e00e9b823d9800340e49e517151836b41352d8a4cd1ee2320d6?s=96&d=mm&r=g\",\"caption\":\"Mike Rincker, Ph.D., PAS\"},\"url\":\"https:\\\/\\\/dpiglobal.com\\\/es\\\/author\\\/mrincker\\\/\"}]}<\/script>\n<!-- \/ Yoast SEO plugin. -->","yoast_head_json":{"title":"Patr\u00f3n de ciclo de la coccidiosis en pollos vacunados con vacunas contra la coccidiosis y alimentados con Micro-Aid\u00ae. | DPI Global","robots":{"index":"index","follow":"follow","max-snippet":"max-snippet:-1","max-image-preview":"max-image-preview:large","max-video-preview":"max-video-preview:-1"},"canonical":"https:\/\/dpiglobal.com\/es\/patron-de-ciclo-de-la-coccidiosis-en-pollos-vacunados-con-vacunas-contra-la-coccidiosis-y-alimentados-con-micro-aid\/","og_locale":"es_ES","og_type":"article","og_title":"Patr\u00f3n de ciclo de la coccidiosis en pollos vacunados con vacunas contra la coccidiosis y alimentados con Micro-Aid\u00ae. | DPI Global","og_description":"Se asignaron 1.800 pollitos macho de un d\u00eda de eclosi\u00f3n (Cobb X Cobb 500) a uno de los seis tratamientos Leer m\u00e1s... from Patr\u00f3n de ciclo de la coccidiosis en pollos vacunados con vacunas contra la coccidiosis y alimentados con Micro-Aid\u00ae.","og_url":"https:\/\/dpiglobal.com\/es\/patron-de-ciclo-de-la-coccidiosis-en-pollos-vacunados-con-vacunas-contra-la-coccidiosis-y-alimentados-con-micro-aid\/","og_site_name":"DPI Global","article_published_time":"2022-05-12T14:32:32+00:00","article_modified_time":"2024-11-19T19:42:29+00:00","og_image":[{"width":1920,"height":1277,"url":"https:\/\/dpiglobal.com\/wp-content\/uploads\/2022\/05\/Screen-Shot-2022-05-12-at-9.30.26-AM.png","type":"image\/png"}],"author":"Mike Rincker, Ph.D., PAS","twitter_card":"summary_large_image","twitter_misc":{"Escrito por":"Mike Rincker, Ph.D., PAS","Tiempo de lectura":"1 minuto"},"schema":{"@context":"https:\/\/schema.org","@graph":[{"@type":"Article","@id":"https:\/\/dpiglobal.com\/es\/patron-de-ciclo-de-la-coccidiosis-en-pollos-vacunados-con-vacunas-contra-la-coccidiosis-y-alimentados-con-micro-aid\/#article","isPartOf":{"@id":"https:\/\/dpiglobal.com\/es\/patron-de-ciclo-de-la-coccidiosis-en-pollos-vacunados-con-vacunas-contra-la-coccidiosis-y-alimentados-con-micro-aid\/"},"author":{"name":"Mike Rincker, Ph.D., PAS","@id":"https:\/\/dpiglobal.com\/es\/#\/schema\/person\/3f1285856da3b5c90075fba9eec8965f"},"headline":"Patr\u00f3n de ciclo de la coccidiosis en pollos vacunados con vacunas contra la coccidiosis y alimentados con Micro-Aid\u00ae.","datePublished":"2022-05-12T14:32:32+00:00","dateModified":"2024-11-19T19:42:29+00:00","mainEntityOfPage":{"@id":"https:\/\/dpiglobal.com\/es\/patron-de-ciclo-de-la-coccidiosis-en-pollos-vacunados-con-vacunas-contra-la-coccidiosis-y-alimentados-con-micro-aid\/"},"wordCount":177,"publisher":{"@id":"https:\/\/dpiglobal.com\/es\/#organization"},"image":{"@id":"https:\/\/dpiglobal.com\/es\/patron-de-ciclo-de-la-coccidiosis-en-pollos-vacunados-con-vacunas-contra-la-coccidiosis-y-alimentados-con-micro-aid\/#primaryimage"},"thumbnailUrl":"https:\/\/dpiglobal.com\/wp-content\/uploads\/2022\/05\/Screen-Shot-2022-05-12-at-9.30.26-AM-1024x681.png","articleSection":["aves"],"inLanguage":"es"},{"@type":"WebPage","@id":"https:\/\/dpiglobal.com\/es\/patron-de-ciclo-de-la-coccidiosis-en-pollos-vacunados-con-vacunas-contra-la-coccidiosis-y-alimentados-con-micro-aid\/","url":"https:\/\/dpiglobal.com\/es\/patron-de-ciclo-de-la-coccidiosis-en-pollos-vacunados-con-vacunas-contra-la-coccidiosis-y-alimentados-con-micro-aid\/","name":"Patr\u00f3n de ciclo de la coccidiosis en pollos vacunados con vacunas contra la coccidiosis y alimentados con Micro-Aid\u00ae. | DPI Global","isPartOf":{"@id":"https:\/\/dpiglobal.com\/es\/#website"},"primaryImageOfPage":{"@id":"https:\/\/dpiglobal.com\/es\/patron-de-ciclo-de-la-coccidiosis-en-pollos-vacunados-con-vacunas-contra-la-coccidiosis-y-alimentados-con-micro-aid\/#primaryimage"},"image":{"@id":"https:\/\/dpiglobal.com\/es\/patron-de-ciclo-de-la-coccidiosis-en-pollos-vacunados-con-vacunas-contra-la-coccidiosis-y-alimentados-con-micro-aid\/#primaryimage"},"thumbnailUrl":"https:\/\/dpiglobal.com\/wp-content\/uploads\/2022\/05\/Screen-Shot-2022-05-12-at-9.30.26-AM-1024x681.png","datePublished":"2022-05-12T14:32:32+00:00","dateModified":"2024-11-19T19:42:29+00:00","breadcrumb":{"@id":"https:\/\/dpiglobal.com\/es\/patron-de-ciclo-de-la-coccidiosis-en-pollos-vacunados-con-vacunas-contra-la-coccidiosis-y-alimentados-con-micro-aid\/#breadcrumb"},"inLanguage":"es","potentialAction":[{"@type":"ReadAction","target":["https:\/\/dpiglobal.com\/es\/patron-de-ciclo-de-la-coccidiosis-en-pollos-vacunados-con-vacunas-contra-la-coccidiosis-y-alimentados-con-micro-aid\/"]}]},{"@type":"ImageObject","inLanguage":"es","@id":"https:\/\/dpiglobal.com\/es\/patron-de-ciclo-de-la-coccidiosis-en-pollos-vacunados-con-vacunas-contra-la-coccidiosis-y-alimentados-con-micro-aid\/#primaryimage","url":"https:\/\/dpiglobal.com\/wp-content\/uploads\/2022\/05\/Screen-Shot-2022-05-12-at-9.30.26-AM-1024x681.png","contentUrl":"https:\/\/dpiglobal.com\/wp-content\/uploads\/2022\/05\/Screen-Shot-2022-05-12-at-9.30.26-AM-1024x681.png"},{"@type":"BreadcrumbList","@id":"https:\/\/dpiglobal.com\/es\/patron-de-ciclo-de-la-coccidiosis-en-pollos-vacunados-con-vacunas-contra-la-coccidiosis-y-alimentados-con-micro-aid\/#breadcrumb","itemListElement":[{"@type":"ListItem","position":1,"name":"Home","item":"https:\/\/dpiglobal.com\/es\/"},{"@type":"ListItem","position":2,"name":"Patr\u00f3n de ciclo de la coccidiosis en pollos vacunados con vacunas contra la coccidiosis y alimentados con Micro-Aid\u00ae."}]},{"@type":"WebSite","@id":"https:\/\/dpiglobal.com\/es\/#website","url":"https:\/\/dpiglobal.com\/es\/","name":"DPI Global","description":"Distributors Processing Inc.","publisher":{"@id":"https:\/\/dpiglobal.com\/es\/#organization"},"potentialAction":[{"@type":"SearchAction","target":{"@type":"EntryPoint","urlTemplate":"https:\/\/dpiglobal.com\/es\/?s={search_term_string}"},"query-input":{"@type":"PropertyValueSpecification","valueRequired":true,"valueName":"search_term_string"}}],"inLanguage":"es"},{"@type":"Organization","@id":"https:\/\/dpiglobal.com\/es\/#organization","name":"DPI Global","url":"https:\/\/dpiglobal.com\/es\/","logo":{"@type":"ImageObject","inLanguage":"es","@id":"https:\/\/dpiglobal.com\/es\/#\/schema\/logo\/image\/","url":"https:\/\/dpiglobal.com\/wp-content\/uploads\/2021\/10\/logo-blue.png","contentUrl":"https:\/\/dpiglobal.com\/wp-content\/uploads\/2021\/10\/logo-blue.png","width":356,"height":241,"caption":"DPI Global"},"image":{"@id":"https:\/\/dpiglobal.com\/es\/#\/schema\/logo\/image\/"},"sameAs":["https:\/\/www.linkedin.com\/company\/distributors-processing-inc.\/"]},{"@type":"Person","@id":"https:\/\/dpiglobal.com\/es\/#\/schema\/person\/3f1285856da3b5c90075fba9eec8965f","name":"Mike Rincker, Ph.D., PAS","image":{"@type":"ImageObject","inLanguage":"es","@id":"https:\/\/secure.gravatar.com\/avatar\/3c43b63b6b953e00e9b823d9800340e49e517151836b41352d8a4cd1ee2320d6?s=96&d=mm&r=g","url":"https:\/\/secure.gravatar.com\/avatar\/3c43b63b6b953e00e9b823d9800340e49e517151836b41352d8a4cd1ee2320d6?s=96&d=mm&r=g","contentUrl":"https:\/\/secure.gravatar.com\/avatar\/3c43b63b6b953e00e9b823d9800340e49e517151836b41352d8a4cd1ee2320d6?s=96&d=mm&r=g","caption":"Mike Rincker, Ph.D., PAS"},"url":"https:\/\/dpiglobal.com\/es\/author\/mrincker\/"}]}},"_links":{"self":[{"href":"https:\/\/dpiglobal.com\/es\/wp-json\/wp\/v2\/posts\/1803","targetHints":{"allow":["GET"]}}],"collection":[{"href":"https:\/\/dpiglobal.com\/es\/wp-json\/wp\/v2\/posts"}],"about":[{"href":"https:\/\/dpiglobal.com\/es\/wp-json\/wp\/v2\/types\/post"}],"author":[{"embeddable":true,"href":"https:\/\/dpiglobal.com\/es\/wp-json\/wp\/v2\/users\/19"}],"replies":[{"embeddable":true,"href":"https:\/\/dpiglobal.com\/es\/wp-json\/wp\/v2\/comments?post=1803"}],"version-history":[{"count":2,"href":"https:\/\/dpiglobal.com\/es\/wp-json\/wp\/v2\/posts\/1803\/revisions"}],"predecessor-version":[{"id":2644,"href":"https:\/\/dpiglobal.com\/es\/wp-json\/wp\/v2\/posts\/1803\/revisions\/2644"}],"wp:attachment":[{"href":"https:\/\/dpiglobal.com\/es\/wp-json\/wp\/v2\/media?parent=1803"}],"wp:term":[{"taxonomy":"category","embeddable":true,"href":"https:\/\/dpiglobal.com\/es\/wp-json\/wp\/v2\/categories?post=1803"},{"taxonomy":"post_tag","embeddable":true,"href":"https:\/\/dpiglobal.com\/es\/wp-json\/wp\/v2\/tags?post=1803"}],"curies":[{"name":"wp","href":"https:\/\/api.w.org\/{rel}","templated":true}]}}